{"id":936,"date":"2015-11-13T22:44:00","date_gmt":"2015-11-13T22:44:00","guid":{"rendered":"http:\/\/stariimotski.com\/?p=936"},"modified":"2015-11-13T22:45:32","modified_gmt":"2015-11-13T22:45:32","slug":"mate-starinski-legendarni-imotski-prosjak","status":"publish","type":"post","link":"https:\/\/stari-imotski.com\/?p=936","title":{"rendered":"Mate Starinski  legendarni  imotski prosjak"},"content":{"rendered":"<p>Mate Starinski\u00a0 legendarni\u00a0 imotski prosjak pravim imenom Mate Soldo ro\u0111en 1893. godine u Sovi\u0107ima. Daje se\u00a0 dio\u00a0 teksta\u00a0 o Mati Starinskom\u00a0 objavljenom u\u00a0 novinama\u00a0 \u201eImotska krajina\u201c od 01. rujna 1979. godine autora\u00a0 I. Karoglana.<br \/>\n&#8230; Doista malo njih\u00a0 zna kako se pravim imenom i prezimenom zove taj tanu\u0161ni, suhonjavi starac, no i ne trebaju znati, \u010demu?\u00a0 Starinski zvu\u010di me\u0111u nama jasno, toplo, prisno, zvu\u010di po na\u0161ki posprdno. A svakodnevno ga vi\u0111amo na Pazaru, na Jezeru, ispod\u00a0 Gradske kavane, pred svojim vratima, nenajavljena i nepozvana. I tako, jo\u0161\u00a0 od vremena Austrije, poslije rata vi\u0111amo ga&#8230;.Na pitanje\u00a0 koliko \u0107e jo\u0161 tako, Starinski odgovara: \u201eDok san bija mla\u0111i, obi\u0161a san Bosnu i Slavoniju, sad san stalno u Varu\u0161u. Tamo od kad je Drugi rat svr\u0161ijo samo \u010detiri dana san valijo da nisan do\u0161a u Varu\u0161. Plivalo, puvalo, uvik san dolazija, ali ta \u010detiri dana ba\u0161 nisan moga do\u0107. Za vrime Austrije vridna para bila, dalo se dobro zaradit&#8230;Misli\u0161 uprositi? Pamet, razum dite, ja san po\u0161teno pita u gospoja i one bi mi po\u0161teno i dale jer san jin bijo po kontu.Meni\u00a0 su pokojni\u00a0 Zane i\u00a0 Lole uvik dobro davali, a Luka pok. Milinovi\u0107 meni dinar mimo svih prosjaka&#8230;.A pokojna Li\u0107a Zukina, bijo san joj po kontu, ona bi mi svake sri\u0107e dala&#8230;.Uvik\u00a0 san ima svoju granicu i znan koliko mi obraz podnosi\u00a0 i koliko me toka. Moga san i radit, nu pamet,\u00a0 razum meni bilo dra\u017ee ovako, a \u0161ta je \u017eivot? Svanulo se, smrklo se, sve prolazno&#8230;..A\u00a0 po\u010dejo san jo\u0161 za Austrije&#8230;&#8230;<\/p>\n<p>Izvor: \u201eImotska krajina\u201c od 01. rujna 1979. godine<\/p>\n","protected":false},"excerpt":{"rendered":"<p>Mate Starinski\u00a0 legendarni\u00a0 imotski prosjak pravim imenom Mate Soldo ro\u0111en 1893. godine u Sovi\u0107ima. Daje se\u00a0 dio\u00a0 teksta\u00a0 o Mati Starinskom\u00a0 objavljenom u\u00a0 novinama\u00a0 \u201eImotska krajina\u201c od 01. rujna 1979. godine autora\u00a0 I. Karoglana. &#8230; Doista malo njih\u00a0 zna kako se pravim imenom i prezimenom zove taj tanu\u0161ni, suhonjavi starac, no i ne trebaju znati, [&hellip;]<\/p>\n","protected":false},"author":1,"featured_media":937,"comment_status":"closed","ping_status":"open","sticky":false,"template":"","format":"standard","meta":[],"categories":[13],"tags":[],"_links":{"self":[{"href":"https:\/\/stari-imotski.com\/index.php?rest_route=\/wp\/v2\/posts\/936"}],"collection":[{"href":"https:\/\/stari-imotski.com\/index.php?rest_route=\/wp\/v2\/posts"}],"about":[{"href":"https:\/\/stari-imotski.com\/index.php?rest_route=\/wp\/v2\/types\/post"}],"author":[{"embeddable":true,"href":"https:\/\/stari-imotski.com\/index.php?rest_route=\/wp\/v2\/users\/1"}],"replies":[{"embeddable":true,"href":"https:\/\/stari-imotski.com\/index.php?rest_route=%2Fwp%2Fv2%2Fcomments&post=936"}],"version-history":[{"count":1,"href":"https:\/\/stari-imotski.com\/index.php?rest_route=\/wp\/v2\/posts\/936\/revisions"}],"predecessor-version":[{"id":938,"href":"https:\/\/stari-imotski.com\/index.php?rest_route=\/wp\/v2\/posts\/936\/revisions\/938"}],"wp:featuredmedia":[{"embeddable":true,"href":"https:\/\/stari-imotski.com\/index.php?rest_route=\/wp\/v2\/media\/937"}],"wp:attachment":[{"href":"https:\/\/stari-imotski.com\/index.php?rest_route=%2Fwp%2Fv2%2Fmedia&parent=936"}],"wp:term":[{"taxonomy":"category","embeddable":true,"href":"https:\/\/stari-imotski.com\/index.php?rest_route=%2Fwp%2Fv2%2Fcategories&post=936"},{"taxonomy":"post_tag","embeddable":true,"href":"https:\/\/stari-imotski.com\/index.php?rest_route=%2Fwp%2Fv2%2Ftags&post=936"}],"curies":[{"name":"wp","href":"https:\/\/api.w.org\/{rel}","templated":true}]}}