{"id":922,"date":"2015-11-13T21:58:55","date_gmt":"2015-11-13T21:58:55","guid":{"rendered":"http:\/\/stariimotski.com\/?p=922"},"modified":"2015-11-20T21:49:00","modified_gmt":"2015-11-20T21:49:00","slug":"pismo-prof-don-josipa-vergilija-perica","status":"publish","type":"post","link":"https:\/\/stari-imotski.com\/?p=922","title":{"rendered":"Pismo prof.  Josipa Vergilija Peri\u0107a iz 1898. godine"},"content":{"rendered":"<p><a href=\"http:\/\/stariimotski.com\/wp-content\/uploads\/2015\/11\/20151017_122047.jpg\"><img loading=\"lazy\" class=\"alignnone size-medium wp-image-924\" src=\"http:\/\/stariimotski.com\/wp-content\/uploads\/2015\/11\/20151017_122047-198x300.jpg\" alt=\"20151017_122047\" width=\"198\" height=\"300\" srcset=\"https:\/\/stari-imotski.com\/wp-content\/uploads\/2015\/11\/20151017_122047-198x300.jpg 198w, https:\/\/stari-imotski.com\/wp-content\/uploads\/2015\/11\/20151017_122047-677x1024.jpg 677w, https:\/\/stari-imotski.com\/wp-content\/uploads\/2015\/11\/20151017_122047.jpg 1536w\" sizes=\"(max-width: 198px) 100vw, 198px\" \/><\/a> <a href=\"http:\/\/stariimotski.com\/wp-content\/uploads\/2015\/11\/vergil-peri\u0107-pismo.jpg\"><img loading=\"lazy\" class=\"alignnone size-medium wp-image-923\" src=\"http:\/\/stariimotski.com\/wp-content\/uploads\/2015\/11\/vergil-peri\u0107-pismo-195x300.jpg\" alt=\"vergil peri\u0107 pismo\" width=\"195\" height=\"300\" srcset=\"https:\/\/stari-imotski.com\/wp-content\/uploads\/2015\/11\/vergil-peri\u0107-pismo-195x300.jpg 195w, https:\/\/stari-imotski.com\/wp-content\/uploads\/2015\/11\/vergil-peri\u0107-pismo.jpg 576w\" sizes=\"(max-width: 195px) 100vw, 195px\" \/><\/a><\/p>\n<p>Pismo koje je napisao prof. don Josip Vergilije Peri\u0107 (1845-1919),<br \/>\ndosljedni hrvatski politi\u010dar i pisac, narodni zastupnik Imotske krajine u Dalmatinskom saboru u Zadru\u00a0 i Carevinskom vije\u0107u u Be\u010du koji je polagao narodu ra\u010dun za svoj rodoljubni rad. Josip Vergilije Peri\u0107 pismo je uputio iz Be\u010da imotskom na\u010delniku Alfonsu Bitangi 14. o\u017eujka 1898. godine.<br \/>\nBe\u010d, 14. III\u00a0 98.<\/p>\n<p>&nbsp;<\/p>\n<p>Dragi Alfoso!<\/p>\n<p>Va\u0161e pismo nije me na\u0161lo u Zadru, ve\u0107 ju\u010der primio sam ga ovdje i odmah pisao Korlaetu (op. Bo\u017eo Korlaet, zastupnik u Dalmatinskom saboru) da se zauzme \u017eivo\u00a0 oko\u00a0 Vrankovi\u0107a i ostalih \u010dlanova. \u010cim mi\u00a0 javi\u00a0 uspjeh pisa\u0107u vam, a medjutim najvi\u0161e \u0107e to zavisiti od politi\u010dke vlasti koja je tome puno sklona. Dr\u017eat \u0107u znakom pouzdanja, ako mi u svakoj prigodi va\u0161e naloge ob\u0107eg interesa bez ikakva obzira budete davali. Nikad mi ne\u0107e biti te\u0161ko vr\u0161iti moje\u00a0 du\u017enosti,\u00a0 a\u00a0 kad bi to slu\u010daj bio ne bi se ovog mjesta primio. Ja se bojim ho\u0107e li i novi ministar pobjednik\u00a0 biti\u00a0 bolje sre\u0107e nego li mu pre\u0161astnici.<br \/>\nPozdravite sve va\u0161e i da ste mi\u00a0 zdavo!<br \/>\nVa\u0161 odani<br \/>\nJ.V. Peri\u0107<\/p>\n<p>Izvor: Obiteljska arhiva<\/p>\n","protected":false},"excerpt":{"rendered":"<p>Pismo koje je napisao prof. don Josip Vergilije Peri\u0107 (1845-1919), dosljedni hrvatski politi\u010dar i pisac, narodni zastupnik Imotske krajine u Dalmatinskom saboru u Zadru\u00a0 i Carevinskom vije\u0107u u Be\u010du koji je polagao narodu ra\u010dun za svoj rodoljubni rad. Josip Vergilije Peri\u0107 pismo je uputio iz Be\u010da imotskom na\u010delniku Alfonsu Bitangi 14. o\u017eujka 1898. godine. Be\u010d, [&hellip;]<\/p>\n","protected":false},"author":1,"featured_media":924,"comment_status":"closed","ping_status":"open","sticky":false,"template":"","format":"standard","meta":[],"categories":[13],"tags":[],"_links":{"self":[{"href":"https:\/\/stari-imotski.com\/index.php?rest_route=\/wp\/v2\/posts\/922"}],"collection":[{"href":"https:\/\/stari-imotski.com\/index.php?rest_route=\/wp\/v2\/posts"}],"about":[{"href":"https:\/\/stari-imotski.com\/index.php?rest_route=\/wp\/v2\/types\/post"}],"author":[{"embeddable":true,"href":"https:\/\/stari-imotski.com\/index.php?rest_route=\/wp\/v2\/users\/1"}],"replies":[{"embeddable":true,"href":"https:\/\/stari-imotski.com\/index.php?rest_route=%2Fwp%2Fv2%2Fcomments&post=922"}],"version-history":[{"count":2,"href":"https:\/\/stari-imotski.com\/index.php?rest_route=\/wp\/v2\/posts\/922\/revisions"}],"predecessor-version":[{"id":947,"href":"https:\/\/stari-imotski.com\/index.php?rest_route=\/wp\/v2\/posts\/922\/revisions\/947"}],"wp:featuredmedia":[{"embeddable":true,"href":"https:\/\/stari-imotski.com\/index.php?rest_route=\/wp\/v2\/media\/924"}],"wp:attachment":[{"href":"https:\/\/stari-imotski.com\/index.php?rest_route=%2Fwp%2Fv2%2Fmedia&parent=922"}],"wp:term":[{"taxonomy":"category","embeddable":true,"href":"https:\/\/stari-imotski.com\/index.php?rest_route=%2Fwp%2Fv2%2Fcategories&post=922"},{"taxonomy":"post_tag","embeddable":true,"href":"https:\/\/stari-imotski.com\/index.php?rest_route=%2Fwp%2Fv2%2Ftags&post=922"}],"curies":[{"name":"wp","href":"https:\/\/api.w.org\/{rel}","templated":true}]}}