{"id":900,"date":"2015-10-19T19:47:09","date_gmt":"2015-10-19T19:47:09","guid":{"rendered":"http:\/\/stariimotski.com\/?p=900"},"modified":"2015-11-20T21:59:00","modified_gmt":"2015-11-20T21:59:00","slug":"crkva-sv-luke-na-kamenmostu-2","status":"publish","type":"post","link":"https:\/\/stari-imotski.com\/?p=900","title":{"rendered":"Crkva sv. Luke na Kamenmostu"},"content":{"rendered":"<p><span class=\"fbPhotosPhotoCaption\" tabindex=\"0\" data-ft=\"{&quot;tn&quot;:&quot;K&quot;}\"><span class=\"hasCaption\">\u00a0<\/span><\/span><\/p>\n<div id=\"id_562547bacdd8d9184361695\" class=\"text_exposed_root text_exposed\">Sv. Luka (rodom iz Sirije) je me\u0111u naj\u0161tovanijim svecima u Imotskoj krajini.\u00a0 \u010citavi vjerski \u017eivot obitelji nastanjenih oko sveti\u0161ta pa tako i predaka obitelji Tonk<span class=\"text_exposed_show\">ovi\u0107 vezan je uz sveti\u0161te crkve sv. Luke i ukopi\u0161te oko nje. \u017dupna crkva sela Podbablje na Kamenmostu obnovljena je 1705. kada je posve\u0107ena sv. Luki evan\u0111elisti. Tu su na\u0161i sve\u0107enici svojom bri\u017eljivo\u0161\u0107u uzgajali puk u bogoljupstvu, brine\u0107i se za njegov duhovni \u017eivot.Uz tu \u017eupu vezani su i svi najbitniji doga\u0111aji u \u017eivotu svake obitelji, \u0161to su ih ustrajno bilje\u017eili na\u0161i sve\u0107enici. I stoga se navodi dio iz pjesmice Sv. Luka koju je spjevao prof. Josip Vergilije Peri\u0107.<br \/>\n<\/span><\/div>\n<div class=\"text_exposed_root text_exposed\"><\/div>\n<div class=\"text_exposed_root text_exposed\"><span class=\"text_exposed_show\"><span class=\"text_exposed_show\">Sv. Luka<br \/>\nKamenmoste dobro te poznajem,<br \/>\nI kod tebe svetog Luke crkvu,<\/span><\/span>Pred kojom se opru\u017eilo polje,<br \/>\nKrasno polje, malo mu je para!<\/p>\n<p>Odasvud ga zakrilila brda,<br \/>\nOvijena kitnim vinogradim,<br \/>\nA prekrita svakovrstnom biljkom.<br \/>\nVrlika ga rukavima grli,<br \/>\nOki\u0107enim vrbam i jablanim,<br \/>\nNavezenim \u017eukom i rakitom,<br \/>\nIzvijeni \u0161to u zagrljaju<br \/>\nU ponorim pro\u017edoritim ginu&#8230;<\/p>\n<p>Izvor: Slavko Tonkovi\u0107 (1998.) \u201ePleme Tonkovi\u0107 u imotskoj krajini\u201c<\/p>\n<\/div>\n<div id=\"fbPhotoSnowliftPagesTagList\" class=\"pts fbPhotoPagesTagList\"><\/div>\n","protected":false},"excerpt":{"rendered":"<p>\u00a0 Sv. Luka (rodom iz Sirije) je me\u0111u naj\u0161tovanijim svecima u Imotskoj krajini.\u00a0 \u010citavi vjerski \u017eivot obitelji nastanjenih oko sveti\u0161ta pa tako i predaka obitelji Tonkovi\u0107 vezan je uz sveti\u0161te crkve sv. Luke i ukopi\u0161te oko nje. \u017dupna crkva sela Podbablje na Kamenmostu obnovljena je 1705. kada je posve\u0107ena sv. Luki evan\u0111elisti. Tu su na\u0161i [&hellip;]<\/p>\n","protected":false},"author":1,"featured_media":901,"comment_status":"closed","ping_status":"open","sticky":false,"template":"","format":"standard","meta":[],"categories":[5,16],"tags":[],"_links":{"self":[{"href":"https:\/\/stari-imotski.com\/index.php?rest_route=\/wp\/v2\/posts\/900"}],"collection":[{"href":"https:\/\/stari-imotski.com\/index.php?rest_route=\/wp\/v2\/posts"}],"about":[{"href":"https:\/\/stari-imotski.com\/index.php?rest_route=\/wp\/v2\/types\/post"}],"author":[{"embeddable":true,"href":"https:\/\/stari-imotski.com\/index.php?rest_route=\/wp\/v2\/users\/1"}],"replies":[{"embeddable":true,"href":"https:\/\/stari-imotski.com\/index.php?rest_route=%2Fwp%2Fv2%2Fcomments&post=900"}],"version-history":[{"count":3,"href":"https:\/\/stari-imotski.com\/index.php?rest_route=\/wp\/v2\/posts\/900\/revisions"}],"predecessor-version":[{"id":949,"href":"https:\/\/stari-imotski.com\/index.php?rest_route=\/wp\/v2\/posts\/900\/revisions\/949"}],"wp:featuredmedia":[{"embeddable":true,"href":"https:\/\/stari-imotski.com\/index.php?rest_route=\/wp\/v2\/media\/901"}],"wp:attachment":[{"href":"https:\/\/stari-imotski.com\/index.php?rest_route=%2Fwp%2Fv2%2Fmedia&parent=900"}],"wp:term":[{"taxonomy":"category","embeddable":true,"href":"https:\/\/stari-imotski.com\/index.php?rest_route=%2Fwp%2Fv2%2Fcategories&post=900"},{"taxonomy":"post_tag","embeddable":true,"href":"https:\/\/stari-imotski.com\/index.php?rest_route=%2Fwp%2Fv2%2Ftags&post=900"}],"curies":[{"name":"wp","href":"https:\/\/api.w.org\/{rel}","templated":true}]}}